{"id":30351,"date":"2025-09-09T10:24:06","date_gmt":"2025-09-09T08:24:06","guid":{"rendered":"https:\/\/www.apexdyna.nl\/?p=30351"},"modified":"2025-09-09T10:24:06","modified_gmt":"2025-09-09T08:24:06","slug":"apex-terugblik-fot2025","status":"publish","type":"post","link":"https:\/\/www.apexdyna.nl\/nl\/beurs\/apex-terugblik-fot2025","title":{"rendered":"Apex Dynamics blikt terug op Festival of Tech 2025"},"content":{"rendered":"<p><strong><img loading=\"lazy\" decoding=\"async\" class=\"alignright wp-image-30377 size-medium\" src=\"https:\/\/www.apexdyna.nl\/wp-content\/uploads\/2025\/09\/FoT_Stand-crew-300x232.jpg\" alt=\"\" width=\"300\" height=\"232\" srcset=\"https:\/\/www.apexdyna.nl\/wp-content\/uploads\/2025\/09\/FoT_Stand-crew-300x232.jpg 300w, https:\/\/www.apexdyna.nl\/wp-content\/uploads\/2025\/09\/FoT_Stand-crew-600x464.jpg 600w, https:\/\/www.apexdyna.nl\/wp-content\/uploads\/2025\/09\/FoT_Stand-crew-150x116.jpg 150w, https:\/\/www.apexdyna.nl\/wp-content\/uploads\/2025\/09\/FoT_Stand-crew.jpg 800w\" sizes=\"auto, (max-width: 300px) 100vw, 300px\" \/>Hoe was het Festival of Tech? Wij zijn weer geland na het leuke, inspirerende nieuwe evenement van de FEDA. Een mooi moment om niet alleen terug te blikken maar vooral vooruit te kijken. Wat vonden we ervan? En denken wij dat dit d\u00e9 vervanger is van de traditionele vakbeurs? <\/strong><\/p>\n<p>\u201cAlles klopte gewoon. Het kwam allemaal perfect bij elkaar: de locatie, het programma, de sfeer en de bezoekers. Je merkte dat mensen met een glimlach rondliepen en energie kregen van de setting. Voor ons voelde het alsof dit event precies liet zien hoe de branche zich kan vernieuwen \u2013 minder formeel, meer beleving en veel dichter bij de mensen die de toekomst van de techniek vormgeven.\u201d<br \/>\n\u2013 Thom van Oss, directeur van Apex Dynamics<\/p>\n<h2>Festival of Tech in plaats van vakbeurs<\/h2>\n<p><strong><img loading=\"lazy\" decoding=\"async\" class=\"alignright wp-image-30357 size-medium\" src=\"https:\/\/www.apexdyna.nl\/wp-content\/uploads\/2025\/09\/VR-Experience_deelnemer-300x202.jpg\" alt=\"\" width=\"300\" height=\"202\" srcset=\"https:\/\/www.apexdyna.nl\/wp-content\/uploads\/2025\/09\/VR-Experience_deelnemer-300x202.jpg 300w, https:\/\/www.apexdyna.nl\/wp-content\/uploads\/2025\/09\/VR-Experience_deelnemer-600x404.jpg 600w, https:\/\/www.apexdyna.nl\/wp-content\/uploads\/2025\/09\/VR-Experience_deelnemer-150x101.jpg 150w, https:\/\/www.apexdyna.nl\/wp-content\/uploads\/2025\/09\/VR-Experience_deelnemer-1536x1033.jpg 1536w, https:\/\/www.apexdyna.nl\/wp-content\/uploads\/2025\/09\/VR-Experience_deelnemer-2048x1378.jpg 2048w\" sizes=\"auto, (max-width: 300px) 100vw, 300px\" \/><\/strong>Het Festival of Tech is een gloednieuw event dat branchevereniging FEDA (in samenwerking met FPT\u2011VIMAG) op donderdag 4\u202fseptember\u202f2025 organiseerde in LIEF Amsterdam. In plaats van het traditionele beursmodel met schreeuwerige banners en lange standen, gaat het hier om een frisse, inspirerende en interactieve ontmoetingsplek waar technologie, kennis en verbinding op een dynamische manier samenkomen.<\/p>\n<p>Het evenement richt zich op jonge engineers, tech-professionals en innovators uit de maakindustrie. Voor Apex Dynamics was deelname eigenlijk helemaal geen vraag: dit is een kans om ons te laten zien op een frisse manier, dicht bij jonge engineers en technici die belangrijk voor ons zijn. Daar zetten we al jaren op in en dit festival sluit daar perfect op aan: vernieuwend, open en relevant voor de volgende generatie.<\/p>\n<h2>Het dagprogramma: energiek, interactief en inhoudelijk<\/h2>\n<p><strong><img loading=\"lazy\" decoding=\"async\" class=\"alignright wp-image-30356 size-medium\" src=\"https:\/\/www.apexdyna.nl\/wp-content\/uploads\/2025\/09\/FoT_DirkBongers-300x169.jpg\" alt=\"\" width=\"300\" height=\"169\" srcset=\"https:\/\/www.apexdyna.nl\/wp-content\/uploads\/2025\/09\/FoT_DirkBongers-300x169.jpg 300w, https:\/\/www.apexdyna.nl\/wp-content\/uploads\/2025\/09\/FoT_DirkBongers-600x338.jpg 600w, https:\/\/www.apexdyna.nl\/wp-content\/uploads\/2025\/09\/FoT_DirkBongers-150x84.jpg 150w, https:\/\/www.apexdyna.nl\/wp-content\/uploads\/2025\/09\/FoT_DirkBongers.jpg 1200w\" sizes=\"auto, (max-width: 300px) 100vw, 300px\" \/><\/strong>Het Festival begon om 14:00 met inloop en netwerkmogelijkheden. Bezoekers konden kennismaken met elkaar, deelnemen aan demo\u2019s en creatieve stands van de zogenaamde \u201cVrienden van het Festival\u201d, de deelnemende bedrijven, verkennen. Om 15:00 trapte host <a href=\"https:\/\/www.linkedin.com\/in\/nienke-vergeer\/\" target=\"_blank\" rel=\"noopener\">Nienke Vergeer<\/a> (innovatiemanager bij Siemens) af en introduceerde gedurende de middag en avond telkens de inspirerende sprekers:<\/p>\n<ul>\n<li><strong><a href=\"https:\/\/www.linkedin.com\/in\/jessevandoren\/\" target=\"_blank\" rel=\"noopener\">Jesse van Doren<\/a><\/strong> liet zien hoe slimme technologie en data processen effici\u00ebnter maken.<\/li>\n<li><img loading=\"lazy\" decoding=\"async\" class=\"alignright wp-image-30364\" src=\"https:\/\/www.apexdyna.nl\/wp-content\/uploads\/2025\/09\/FoT_HansKazan-406x500.jpg\" alt=\"\" width=\"250\" height=\"308\" srcset=\"https:\/\/www.apexdyna.nl\/wp-content\/uploads\/2025\/09\/FoT_HansKazan-406x500.jpg 406w, https:\/\/www.apexdyna.nl\/wp-content\/uploads\/2025\/09\/FoT_HansKazan-203x250.jpg 203w, https:\/\/www.apexdyna.nl\/wp-content\/uploads\/2025\/09\/FoT_HansKazan-101x125.jpg 101w, https:\/\/www.apexdyna.nl\/wp-content\/uploads\/2025\/09\/FoT_HansKazan.jpg 649w\" sizes=\"auto, (max-width: 250px) 100vw, 250px\" \/><a href=\"https:\/\/www.linkedin.com\/in\/hgebongers\/\" target=\"_blank\" rel=\"noopener\"><strong>Dirk Bongers<\/strong><\/a> gaf praktische inzichten in hoe AI toepasbaar en beheersbaar is op de werkvloer.<\/li>\n<li><a href=\"https:\/\/www.linkedin.com\/in\/ramon-drost-a9820136\/\" target=\"_blank\" rel=\"noopener\"><strong>Ramon Drost<\/strong><\/a>, als Formule\u202f1-engineer, deelde hoe technische keuzes, teamwork en presteren onder druk ook in de maakindustrie relevant zijn.<\/li>\n<li><strong><a href=\"https:\/\/www.linkedin.com\/in\/hans-kaz%C3%A0n\/\" target=\"_blank\" rel=\"noopener\">Hans Kazan<\/a> &amp; <a href=\"https:\/\/www.linkedin.com\/in\/akkenaar\/\" target=\"_blank\" rel=\"noopener\">Matthijs Akkenaar<\/a><\/strong> zorgden voor een interactieve AI\u2011magieshow waarin publiek actief participeerde \u2013 verrassend, leerzaam \u00e9n vermakelijk.<\/li>\n<\/ul>\n<p>Maar het was niet een &#8216;zitten en luisteren&#8217;-middag. Het programma was zorgvuldig opgebouwd rond clusters van inspirerende sessies, netwerkmomenten, demo\u2019s, muziek en eetpauzes, die de sfeer van een festival cre\u00eberden. Bezoekers bewogen zich door de locatie en konden telkens wat nieuws ervaren. Dit zorgde ook voor genoeg gelegenheid om op een laagdrempelige manier met andere bezoekers in gesprek te komen.<\/p>\n<p style=\"text-align: center;\"><iframe loading=\"lazy\" title=\"YouTube video player\" src=\"https:\/\/www.youtube.com\/embed\/Muy-J5l_tz4?si=7FJndm0CPBptjHxt\" width=\"560\" height=\"315\" frameborder=\"0\" allowfullscreen=\"allowfullscreen\"><\/iframe><\/p>\n<p>Het evenement sloot feestelijk af met de <a href=\"https:\/\/funkyrisotto.nl\/\" target=\"_blank\" rel=\"noopener\">Funky Risotto-show<\/a>: 100 hits in 10 genres, inclusief een opblaasmicrofoonkanon \u2013 een energieke afsluiter waarmee stilstaan onmogelijk was.<\/p>\n<h2>Festival of Tech een succes?<\/h2>\n<p>Deze eerste editie laat zien dat er een alternatieve formule mogelijk is voor traditionele vakbeurzen: \u00e9\u00e9n die jonge engineers w\u00e9l aanspreekt, met inhoudelijke sessies, interactieve demo\u2019s en een festivalachtige setting die ontmoeting centraal stelt. Het Festival of Tech is een evenement dat niet alleen leerzaam was, maar ook enthousiasme en nieuwsgierigheid losmaakte. De interactieve opzet zorgde ervoor dat bezoekers niet passief langs stands liepen, maar actief deelnamen en in gesprek gingen. Het maakte technologie tastbaar en relevant, waardoor bedrijven hun verhaal op een directe en blijvende manier konden overbrengen.<\/p>\n<p>Apex Dynamics ziet dit zeker als de toekomst van vakgerichte events. Traditionele beurzen bereiken jonge engineers maar met moeite. Dit event wel \u2013 het gaf bezoekers energie \u00e9n inspiratie, en cre\u00eberde ontmoetingen die verder gaan dan een visitekaartje of een korte pitch. Juist door die intensieve beleving blijft de boodschap hangen en ontstaat er ruimte voor echte connecties.<\/p>\n<p style=\"text-align: center;\"><iframe loading=\"lazy\" title=\"YouTube video player\" src=\"https:\/\/www.youtube.com\/embed\/LtK5IbI44V0?si=HOiHQPlntIVaVF93\" width=\"560\" height=\"315\" frameborder=\"0\" allowfullscreen=\"allowfullscreen\"><span data-mce-type=\"bookmark\" style=\"display: inline-block; width: 0px; overflow: hidden; line-height: 0;\" class=\"mce_SELRES_start\">\ufeff<\/span><span data-mce-type=\"bookmark\" style=\"display: inline-block; width: 0px; overflow: hidden; line-height: 0;\" class=\"mce_SELRES_start\">\ufeff<\/span><\/iframe><\/p>\n<p>Daarom presenteerde Apex Dynamics een innovatieve VR Experience &#8211; helemaal van deze tijd &#8211; , waarin bezoekers virtueel konden rondkijken in een machine met diverse Apex-componenten. Met interactieve beelden en audio-uitleg werd duidelijk gemaakt wat elk onderdeel is en welke functie het vervult binnen de aandrijving.<\/p>\n<h2>Op naar de volgende<\/h2>\n<p><img loading=\"lazy\" decoding=\"async\" class=\"alignright wp-image-30360\" src=\"https:\/\/www.apexdyna.nl\/wp-content\/uploads\/2025\/09\/FoT_overview-300x200.jpg\" alt=\"\" width=\"500\" height=\"333\" srcset=\"https:\/\/www.apexdyna.nl\/wp-content\/uploads\/2025\/09\/FoT_overview-300x200.jpg 300w, https:\/\/www.apexdyna.nl\/wp-content\/uploads\/2025\/09\/FoT_overview-600x400.jpg 600w, https:\/\/www.apexdyna.nl\/wp-content\/uploads\/2025\/09\/FoT_overview-150x100.jpg 150w, https:\/\/www.apexdyna.nl\/wp-content\/uploads\/2025\/09\/FoT_overview.jpg 1200w\" sizes=\"auto, (max-width: 500px) 100vw, 500px\" \/>We zijn er zeker van dat de volgende editie een stuk drukker wordt. Bedrijven en engineers hebben gezien hoe energiek en effici\u00ebnt dit format werkt en dat spreekt zich snel rond. Daarbij komt dat de kosten voor zo\u2019n event een stuk lager liggen dan bij een traditionele beurs. Je hoeft alleen een kleine ontmoetingsplek van een paar vierkante meter in te richten, een beetje creativiteit mee te nemen en je staat er. Tegelijkertijd levert het enorm veel op: nieuwe gesprekken, meer zichtbaarheid en vooral een ervaring die bij de bezoekers blijft hangen.<\/p>\n<p>Ook qua tijd is het een stuk makkelijker. In plaats van dagenlang opbouwen en beurs draaien, is dit gewoon \u00e9\u00e9n dag vol energie en inspiratie. En eerlijk gezegd: wat je eruit haalt \u2013 de gesprekken, de indrukken en de connecties \u2013 is waarschijnlijk meer waard dan wat een meerdaagse traditionele beurs oplevert.<\/p>\n","protected":false},"excerpt":{"rendered":"<p>Hoe was het Festival of Tech? Wij zijn weer geland na het leuke, inspirerende nieuwe evenement van de FEDA. Een mooi moment om niet alleen terug te blikken maar vooral vooruit te kijken. Wat vonden we ervan? En denken wij dat dit d\u00e9 vervanger is van de traditionele vakbeurs? \u201cAlles klopte gewoon. Het kwam allemaal [&hellip;]<\/p>\n","protected":false},"author":5,"featured_media":30377,"comment_status":"closed","ping_status":"closed","sticky":false,"template":"","format":"standard","meta":{"_acf_changed":false,"footnotes":""},"categories":[137],"tags":[],"class_list":["post-30351","post","type-post","status-publish","format-standard","has-post-thumbnail","hentry","category-beurs"],"acf":[],"yoast_head":"<!-- This site is optimized with the Yoast SEO plugin v27.4 - https:\/\/yoast.com\/product\/yoast-seo-wordpress\/ -->\n<title>Apex Dynamics blikt terug op Festival of Tech 2025<\/title>\n<meta name=\"description\" content=\"Festival of Tech: innovatief techniekevent waar programma, sfeer en bezoekers samenkomen. Minder formeel, meer beleving en dichter bij de toekomst van techniek\" \/>\n<meta name=\"robots\" content=\"index, follow, max-snippet:-1, max-image-preview:large, max-video-preview:-1\" \/>\n<link rel=\"canonical\" href=\"https:\/\/www.apexdyna.nl\/nl\/beurs\/apex-terugblik-fot2025\" \/>\n<meta property=\"og:locale\" content=\"nl_NL\" \/>\n<meta property=\"og:type\" content=\"article\" \/>\n<meta property=\"og:title\" content=\"Apex Dynamics blikt terug op Festival of Tech 2025\" \/>\n<meta property=\"og:description\" content=\"Festival of Tech: innovatief techniekevent waar programma, sfeer en bezoekers samenkomen. Minder formeel, meer beleving en dichter bij de toekomst van techniek\" \/>\n<meta property=\"og:url\" content=\"https:\/\/www.apexdyna.nl\/nl\/beurs\/apex-terugblik-fot2025\" \/>\n<meta property=\"og:site_name\" content=\"Apex Dynamics\" \/>\n<meta property=\"article:publisher\" content=\"https:\/\/www.facebook.com\/apexdynamicsbenelux\/\" \/>\n<meta property=\"article:published_time\" content=\"2025-09-09T08:24:06+00:00\" \/>\n<meta property=\"og:image\" content=\"https:\/\/www.apexdyna.nl\/wp-content\/uploads\/2025\/09\/FoT_Stand-crew.jpg\" \/>\n\t<meta property=\"og:image:width\" content=\"800\" \/>\n\t<meta property=\"og:image:height\" content=\"618\" \/>\n\t<meta property=\"og:image:type\" content=\"image\/jpeg\" \/>\n<meta name=\"author\" content=\"Apex Dynamics\" \/>\n<meta name=\"twitter:card\" content=\"summary_large_image\" \/>\n<meta name=\"twitter:creator\" content=\"@apexdynamicsbv\" \/>\n<meta name=\"twitter:site\" content=\"@apexdynamicsbv\" \/>\n<meta name=\"twitter:label1\" content=\"Geschreven door\" \/>\n\t<meta name=\"twitter:data1\" content=\"Apex Dynamics\" \/>\n\t<meta name=\"twitter:label2\" content=\"Geschatte leestijd\" \/>\n\t<meta name=\"twitter:data2\" content=\"4 minuten\" \/>\n<script type=\"application\/ld+json\" class=\"yoast-schema-graph\">{\"@context\":\"https:\\\/\\\/schema.org\",\"@graph\":[{\"@type\":\"Article\",\"@id\":\"https:\\\/\\\/www.apexdyna.nl\\\/nl\\\/beurs\\\/apex-terugblik-fot2025#article\",\"isPartOf\":{\"@id\":\"https:\\\/\\\/www.apexdyna.nl\\\/nl\\\/beurs\\\/apex-terugblik-fot2025\"},\"author\":{\"name\":\"Apex Dynamics\",\"@id\":\"https:\\\/\\\/www.apexdyna.nl\\\/nl\\\/#\\\/schema\\\/person\\\/f24416a616bbd33a91cc0a300733cc42\"},\"headline\":\"Apex Dynamics blikt terug op Festival of Tech 2025\",\"datePublished\":\"2025-09-09T08:24:06+00:00\",\"mainEntityOfPage\":{\"@id\":\"https:\\\/\\\/www.apexdyna.nl\\\/nl\\\/beurs\\\/apex-terugblik-fot2025\"},\"wordCount\":817,\"publisher\":{\"@id\":\"https:\\\/\\\/www.apexdyna.nl\\\/nl\\\/#organization\"},\"image\":{\"@id\":\"https:\\\/\\\/www.apexdyna.nl\\\/nl\\\/beurs\\\/apex-terugblik-fot2025#primaryimage\"},\"thumbnailUrl\":\"https:\\\/\\\/www.apexdyna.nl\\\/wp-content\\\/uploads\\\/2025\\\/09\\\/FoT_Stand-crew.jpg\",\"articleSection\":[\"beurzen\"],\"inLanguage\":\"nl-NL\"},{\"@type\":\"WebPage\",\"@id\":\"https:\\\/\\\/www.apexdyna.nl\\\/nl\\\/beurs\\\/apex-terugblik-fot2025\",\"url\":\"https:\\\/\\\/www.apexdyna.nl\\\/nl\\\/beurs\\\/apex-terugblik-fot2025\",\"name\":\"Apex Dynamics blikt terug op Festival of Tech 2025\",\"isPartOf\":{\"@id\":\"https:\\\/\\\/www.apexdyna.nl\\\/nl\\\/#website\"},\"primaryImageOfPage\":{\"@id\":\"https:\\\/\\\/www.apexdyna.nl\\\/nl\\\/beurs\\\/apex-terugblik-fot2025#primaryimage\"},\"image\":{\"@id\":\"https:\\\/\\\/www.apexdyna.nl\\\/nl\\\/beurs\\\/apex-terugblik-fot2025#primaryimage\"},\"thumbnailUrl\":\"https:\\\/\\\/www.apexdyna.nl\\\/wp-content\\\/uploads\\\/2025\\\/09\\\/FoT_Stand-crew.jpg\",\"datePublished\":\"2025-09-09T08:24:06+00:00\",\"description\":\"Festival of Tech: innovatief techniekevent waar programma, sfeer en bezoekers samenkomen. Minder formeel, meer beleving en dichter bij de toekomst van techniek\",\"breadcrumb\":{\"@id\":\"https:\\\/\\\/www.apexdyna.nl\\\/nl\\\/beurs\\\/apex-terugblik-fot2025#breadcrumb\"},\"inLanguage\":\"nl-NL\",\"potentialAction\":[{\"@type\":\"ReadAction\",\"target\":[\"https:\\\/\\\/www.apexdyna.nl\\\/nl\\\/beurs\\\/apex-terugblik-fot2025\"]}]},{\"@type\":\"ImageObject\",\"inLanguage\":\"nl-NL\",\"@id\":\"https:\\\/\\\/www.apexdyna.nl\\\/nl\\\/beurs\\\/apex-terugblik-fot2025#primaryimage\",\"url\":\"https:\\\/\\\/www.apexdyna.nl\\\/wp-content\\\/uploads\\\/2025\\\/09\\\/FoT_Stand-crew.jpg\",\"contentUrl\":\"https:\\\/\\\/www.apexdyna.nl\\\/wp-content\\\/uploads\\\/2025\\\/09\\\/FoT_Stand-crew.jpg\",\"width\":800,\"height\":618},{\"@type\":\"BreadcrumbList\",\"@id\":\"https:\\\/\\\/www.apexdyna.nl\\\/nl\\\/beurs\\\/apex-terugblik-fot2025#breadcrumb\",\"itemListElement\":[{\"@type\":\"ListItem\",\"position\":1,\"name\":\"Home\",\"item\":\"https:\\\/\\\/www.apexdyna.nl\\\/nl\"},{\"@type\":\"ListItem\",\"position\":2,\"name\":\"Apex Dynamics blikt terug op Festival of Tech 2025\"}]},{\"@type\":\"WebSite\",\"@id\":\"https:\\\/\\\/www.apexdyna.nl\\\/nl\\\/#website\",\"url\":\"https:\\\/\\\/www.apexdyna.nl\\\/nl\\\/\",\"name\":\"Apex Dynamics\",\"description\":\"\",\"publisher\":{\"@id\":\"https:\\\/\\\/www.apexdyna.nl\\\/nl\\\/#organization\"},\"potentialAction\":[{\"@type\":\"SearchAction\",\"target\":{\"@type\":\"EntryPoint\",\"urlTemplate\":\"https:\\\/\\\/www.apexdyna.nl\\\/nl\\\/?s={search_term_string}\"},\"query-input\":{\"@type\":\"PropertyValueSpecification\",\"valueRequired\":true,\"valueName\":\"search_term_string\"}}],\"inLanguage\":\"nl-NL\"},{\"@type\":\"Organization\",\"@id\":\"https:\\\/\\\/www.apexdyna.nl\\\/nl\\\/#organization\",\"name\":\"Apex Dynamics\",\"url\":\"https:\\\/\\\/www.apexdyna.nl\\\/nl\\\/\",\"logo\":{\"@type\":\"ImageObject\",\"inLanguage\":\"nl-NL\",\"@id\":\"https:\\\/\\\/www.apexdyna.nl\\\/nl\\\/#\\\/schema\\\/logo\\\/image\\\/\",\"url\":\"https:\\\/\\\/www.apexdyna.nl\\\/wp-content\\\/uploads\\\/apex-logo-cmyk-transparant-blue.png\",\"contentUrl\":\"https:\\\/\\\/www.apexdyna.nl\\\/wp-content\\\/uploads\\\/apex-logo-cmyk-transparant-blue.png\",\"width\":600,\"height\":163,\"caption\":\"Apex Dynamics\"},\"image\":{\"@id\":\"https:\\\/\\\/www.apexdyna.nl\\\/nl\\\/#\\\/schema\\\/logo\\\/image\\\/\"},\"sameAs\":[\"https:\\\/\\\/www.facebook.com\\\/apexdynamicsbenelux\\\/\",\"https:\\\/\\\/x.com\\\/apexdynamicsbv\",\"https:\\\/\\\/www.linkedin.com\\\/company\\\/2030042\"]},{\"@type\":\"Person\",\"@id\":\"https:\\\/\\\/www.apexdyna.nl\\\/nl\\\/#\\\/schema\\\/person\\\/f24416a616bbd33a91cc0a300733cc42\",\"name\":\"Apex Dynamics\"}]}<\/script>\n<meta property=\"og:video\" content=\"https:\/\/www.youtube.com\/embed\/Muy-J5l_tz4\" \/>\n<meta property=\"og:video:type\" content=\"text\/html\" \/>\n<meta property=\"og:video:duration\" content=\"61\" \/>\n<meta property=\"og:video:width\" content=\"480\" \/>\n<meta property=\"og:video:height\" content=\"270\" \/>\n<meta property=\"ya:ovs:adult\" content=\"false\" \/>\n<meta property=\"ya:ovs:upload_date\" content=\"2025-09-09T08:24:06+00:00\" \/>\n<meta property=\"ya:ovs:allow_embed\" content=\"true\" \/>\n<!-- \/ Yoast SEO plugin. -->","yoast_head_json":{"title":"Apex Dynamics blikt terug op Festival of Tech 2025","description":"Festival of Tech: innovatief techniekevent waar programma, sfeer en bezoekers samenkomen. Minder formeel, meer beleving en dichter bij de toekomst van techniek","robots":{"index":"index","follow":"follow","max-snippet":"max-snippet:-1","max-image-preview":"max-image-preview:large","max-video-preview":"max-video-preview:-1"},"canonical":"https:\/\/www.apexdyna.nl\/nl\/beurs\/apex-terugblik-fot2025","og_locale":"nl_NL","og_type":"article","og_title":"Apex Dynamics blikt terug op Festival of Tech 2025","og_description":"Festival of Tech: innovatief techniekevent waar programma, sfeer en bezoekers samenkomen. Minder formeel, meer beleving en dichter bij de toekomst van techniek","og_url":"https:\/\/www.apexdyna.nl\/nl\/beurs\/apex-terugblik-fot2025","og_site_name":"Apex Dynamics","article_publisher":"https:\/\/www.facebook.com\/apexdynamicsbenelux\/","article_published_time":"2025-09-09T08:24:06+00:00","og_image":[{"width":800,"height":618,"url":"https:\/\/www.apexdyna.nl\/wp-content\/uploads\/2025\/09\/FoT_Stand-crew.jpg","type":"image\/jpeg"}],"author":"Apex Dynamics","twitter_card":"summary_large_image","twitter_creator":"@apexdynamicsbv","twitter_site":"@apexdynamicsbv","twitter_misc":{"Geschreven door":"Apex Dynamics","Geschatte leestijd":"4 minuten"},"schema":{"@context":"https:\/\/schema.org","@graph":[{"@type":"Article","@id":"https:\/\/www.apexdyna.nl\/nl\/beurs\/apex-terugblik-fot2025#article","isPartOf":{"@id":"https:\/\/www.apexdyna.nl\/nl\/beurs\/apex-terugblik-fot2025"},"author":{"name":"Apex Dynamics","@id":"https:\/\/www.apexdyna.nl\/nl\/#\/schema\/person\/f24416a616bbd33a91cc0a300733cc42"},"headline":"Apex Dynamics blikt terug op Festival of Tech 2025","datePublished":"2025-09-09T08:24:06+00:00","mainEntityOfPage":{"@id":"https:\/\/www.apexdyna.nl\/nl\/beurs\/apex-terugblik-fot2025"},"wordCount":817,"publisher":{"@id":"https:\/\/www.apexdyna.nl\/nl\/#organization"},"image":{"@id":"https:\/\/www.apexdyna.nl\/nl\/beurs\/apex-terugblik-fot2025#primaryimage"},"thumbnailUrl":"https:\/\/www.apexdyna.nl\/wp-content\/uploads\/2025\/09\/FoT_Stand-crew.jpg","articleSection":["beurzen"],"inLanguage":"nl-NL"},{"@type":"WebPage","@id":"https:\/\/www.apexdyna.nl\/nl\/beurs\/apex-terugblik-fot2025","url":"https:\/\/www.apexdyna.nl\/nl\/beurs\/apex-terugblik-fot2025","name":"Apex Dynamics blikt terug op Festival of Tech 2025","isPartOf":{"@id":"https:\/\/www.apexdyna.nl\/nl\/#website"},"primaryImageOfPage":{"@id":"https:\/\/www.apexdyna.nl\/nl\/beurs\/apex-terugblik-fot2025#primaryimage"},"image":{"@id":"https:\/\/www.apexdyna.nl\/nl\/beurs\/apex-terugblik-fot2025#primaryimage"},"thumbnailUrl":"https:\/\/www.apexdyna.nl\/wp-content\/uploads\/2025\/09\/FoT_Stand-crew.jpg","datePublished":"2025-09-09T08:24:06+00:00","description":"Festival of Tech: innovatief techniekevent waar programma, sfeer en bezoekers samenkomen. Minder formeel, meer beleving en dichter bij de toekomst van techniek","breadcrumb":{"@id":"https:\/\/www.apexdyna.nl\/nl\/beurs\/apex-terugblik-fot2025#breadcrumb"},"inLanguage":"nl-NL","potentialAction":[{"@type":"ReadAction","target":["https:\/\/www.apexdyna.nl\/nl\/beurs\/apex-terugblik-fot2025"]}]},{"@type":"ImageObject","inLanguage":"nl-NL","@id":"https:\/\/www.apexdyna.nl\/nl\/beurs\/apex-terugblik-fot2025#primaryimage","url":"https:\/\/www.apexdyna.nl\/wp-content\/uploads\/2025\/09\/FoT_Stand-crew.jpg","contentUrl":"https:\/\/www.apexdyna.nl\/wp-content\/uploads\/2025\/09\/FoT_Stand-crew.jpg","width":800,"height":618},{"@type":"BreadcrumbList","@id":"https:\/\/www.apexdyna.nl\/nl\/beurs\/apex-terugblik-fot2025#breadcrumb","itemListElement":[{"@type":"ListItem","position":1,"name":"Home","item":"https:\/\/www.apexdyna.nl\/nl"},{"@type":"ListItem","position":2,"name":"Apex Dynamics blikt terug op Festival of Tech 2025"}]},{"@type":"WebSite","@id":"https:\/\/www.apexdyna.nl\/nl\/#website","url":"https:\/\/www.apexdyna.nl\/nl\/","name":"Apex Dynamics","description":"","publisher":{"@id":"https:\/\/www.apexdyna.nl\/nl\/#organization"},"potentialAction":[{"@type":"SearchAction","target":{"@type":"EntryPoint","urlTemplate":"https:\/\/www.apexdyna.nl\/nl\/?s={search_term_string}"},"query-input":{"@type":"PropertyValueSpecification","valueRequired":true,"valueName":"search_term_string"}}],"inLanguage":"nl-NL"},{"@type":"Organization","@id":"https:\/\/www.apexdyna.nl\/nl\/#organization","name":"Apex Dynamics","url":"https:\/\/www.apexdyna.nl\/nl\/","logo":{"@type":"ImageObject","inLanguage":"nl-NL","@id":"https:\/\/www.apexdyna.nl\/nl\/#\/schema\/logo\/image\/","url":"https:\/\/www.apexdyna.nl\/wp-content\/uploads\/apex-logo-cmyk-transparant-blue.png","contentUrl":"https:\/\/www.apexdyna.nl\/wp-content\/uploads\/apex-logo-cmyk-transparant-blue.png","width":600,"height":163,"caption":"Apex Dynamics"},"image":{"@id":"https:\/\/www.apexdyna.nl\/nl\/#\/schema\/logo\/image\/"},"sameAs":["https:\/\/www.facebook.com\/apexdynamicsbenelux\/","https:\/\/x.com\/apexdynamicsbv","https:\/\/www.linkedin.com\/company\/2030042"]},{"@type":"Person","@id":"https:\/\/www.apexdyna.nl\/nl\/#\/schema\/person\/f24416a616bbd33a91cc0a300733cc42","name":"Apex Dynamics"}]},"og_video":"https:\/\/www.youtube.com\/embed\/Muy-J5l_tz4","og_video_type":"text\/html","og_video_duration":"61","og_video_width":"480","og_video_height":"270","ya_ovs_adult":"false","ya_ovs_upload_date":"2025-09-09T08:24:06+00:00","ya_ovs_allow_embed":"true"},"_links":{"self":[{"href":"https:\/\/www.apexdyna.nl\/nl\/wp-json\/wp\/v2\/posts\/30351","targetHints":{"allow":["GET"]}}],"collection":[{"href":"https:\/\/www.apexdyna.nl\/nl\/wp-json\/wp\/v2\/posts"}],"about":[{"href":"https:\/\/www.apexdyna.nl\/nl\/wp-json\/wp\/v2\/types\/post"}],"author":[{"embeddable":true,"href":"https:\/\/www.apexdyna.nl\/nl\/wp-json\/wp\/v2\/users\/5"}],"replies":[{"embeddable":true,"href":"https:\/\/www.apexdyna.nl\/nl\/wp-json\/wp\/v2\/comments?post=30351"}],"version-history":[{"count":21,"href":"https:\/\/www.apexdyna.nl\/nl\/wp-json\/wp\/v2\/posts\/30351\/revisions"}],"predecessor-version":[{"id":30383,"href":"https:\/\/www.apexdyna.nl\/nl\/wp-json\/wp\/v2\/posts\/30351\/revisions\/30383"}],"wp:featuredmedia":[{"embeddable":true,"href":"https:\/\/www.apexdyna.nl\/nl\/wp-json\/wp\/v2\/media\/30377"}],"wp:attachment":[{"href":"https:\/\/www.apexdyna.nl\/nl\/wp-json\/wp\/v2\/media?parent=30351"}],"wp:term":[{"taxonomy":"category","embeddable":true,"href":"https:\/\/www.apexdyna.nl\/nl\/wp-json\/wp\/v2\/categories?post=30351"},{"taxonomy":"post_tag","embeddable":true,"href":"https:\/\/www.apexdyna.nl\/nl\/wp-json\/wp\/v2\/tags?post=30351"}],"curies":[{"name":"wp","href":"https:\/\/api.w.org\/{rel}","templated":true}]}}